{"id":2689,"date":"2020-02-18T22:13:40","date_gmt":"2020-02-18T21:13:40","guid":{"rendered":"http:\/\/gemeinde.ahlerstedt.de\/?p=2689"},"modified":"2020-03-01T12:42:15","modified_gmt":"2020-03-01T11:42:15","slug":"mehrgenerationenpark","status":"publish","type":"post","link":"https:\/\/gemeinde.ahlerstedt.de\/?p=2689","title":{"rendered":"Mehrgenerationenpark in Ahlerstedt"},"content":{"rendered":"\n<p> <strong>Organisation der Einweihungsfeier des Mehrgenerationenparks<\/strong>&nbsp;in Ahlerstedt mit buntem Rahmenprogramm am 18.08.2019 \u2013 Trotz des m\u00e4\u00dfigen Wetters haben sich mehrere Hundert Besucher aus allen Ortschaften, teils mit dem Rad per Sternfahrt, auf den Weg gemacht, um den neuen Park in Augenschein zu nehmen. Viele Vereine haben sich pr\u00e4sentiert und tolle Aktionen angeboten. Auch wir von der Sozialen Dorfentwicklung waren mit einem Infozelt vor Ort und haben Ideen und W\u00fcnsche f\u00fcr unsere D\u00f6rfer gesammelt. <\/p>\n\n\n\n<figure class=\"wp-block-image size-full\"><img loading=\"lazy\" decoding=\"async\" width=\"2560\" height=\"1707\" src=\"https:\/\/gemeinde.ahlerstedt.de\/wp-content\/uploads\/2020\/01\/r0bg9xTC-1-scaled.jpeg\" alt=\"\" class=\"wp-image-312\" srcset=\"https:\/\/gemeinde.ahlerstedt.de\/wp-content\/uploads\/2020\/01\/r0bg9xTC-1-scaled.jpeg 2560w, https:\/\/gemeinde.ahlerstedt.de\/wp-content\/uploads\/2020\/01\/r0bg9xTC-1-300x200.jpeg 300w, https:\/\/gemeinde.ahlerstedt.de\/wp-content\/uploads\/2020\/01\/r0bg9xTC-1-1024x683.jpeg 1024w, https:\/\/gemeinde.ahlerstedt.de\/wp-content\/uploads\/2020\/01\/r0bg9xTC-1-768x512.jpeg 768w, https:\/\/gemeinde.ahlerstedt.de\/wp-content\/uploads\/2020\/01\/r0bg9xTC-1-391x260.jpeg 391w, https:\/\/gemeinde.ahlerstedt.de\/wp-content\/uploads\/2020\/01\/r0bg9xTC-1-1536x1024.jpeg 1536w\" sizes=\"auto, (max-width: 2560px) 100vw, 2560px\" \/><\/figure>\n","protected":false},"excerpt":{"rendered":"<p>Organisation der Einweihungsfeier des Mehrgenerationenparks&nbsp;in Ahlerstedt mit buntem Rahmenprogramm am 18.08.2019 \u2013 Trotz des m\u00e4\u00dfigen Wetters haben sich mehrere Hundert Besucher aus allen Ortschaften, teils mit dem Rad per Sternfahrt, auf den Weg gemacht, um den neuen Park in Augenschein zu nehmen. Viele Vereine haben sich pr\u00e4sentiert und tolle Aktionen angeboten. Auch wir von&#8230;<\/p>\n<p class=\"read-more\"><a class=\"btn btn-default\" href=\"https:\/\/gemeinde.ahlerstedt.de\/?p=2689\">Weiterlesen<span class=\"screen-reader-text\"> Weiterlesen<\/span><\/a><\/p>\n","protected":false},"author":2,"featured_media":312,"comment_status":"closed","ping_status":"closed","sticky":false,"template":"","format":"standard","meta":{"_uag_custom_page_level_css":"","footnotes":""},"categories":[1],"tags":[53],"class_list":["post-2689","post","type-post","status-publish","format-standard","has-post-thumbnail","hentry","category-ahlerstedt","tag-erfolg"],"uagb_featured_image_src":{"full":["https:\/\/gemeinde.ahlerstedt.de\/wp-content\/uploads\/2020\/01\/r0bg9xTC-1-scaled.jpeg",2560,1707,false],"thumbnail":["https:\/\/gemeinde.ahlerstedt.de\/wp-content\/uploads\/2020\/01\/r0bg9xTC-1-150x150.jpeg",150,150,true],"medium":["https:\/\/gemeinde.ahlerstedt.de\/wp-content\/uploads\/2020\/01\/r0bg9xTC-1-300x200.jpeg",300,200,true],"medium_large":["https:\/\/gemeinde.ahlerstedt.de\/wp-content\/uploads\/2020\/01\/r0bg9xTC-1-768x512.jpeg",640,427,true],"large":["https:\/\/gemeinde.ahlerstedt.de\/wp-content\/uploads\/2020\/01\/r0bg9xTC-1-1024x683.jpeg",640,427,true],"1536x1536":["https:\/\/gemeinde.ahlerstedt.de\/wp-content\/uploads\/2020\/01\/r0bg9xTC-1-1536x1024.jpeg",1536,1024,true],"2048x2048":["https:\/\/gemeinde.ahlerstedt.de\/wp-content\/uploads\/2020\/01\/r0bg9xTC-1-scaled.jpeg",2048,1366,false],"post-thumbnail":["https:\/\/gemeinde.ahlerstedt.de\/wp-content\/uploads\/2020\/01\/r0bg9xTC-1-scaled.jpeg",405,270,false],"nisargpro-full-width":["https:\/\/gemeinde.ahlerstedt.de\/wp-content\/uploads\/2020\/01\/r0bg9xTC-1-scaled.jpeg",850,567,false]},"uagb_author_info":{"display_name":"S\u00f6ren Arndt","author_link":"https:\/\/gemeinde.ahlerstedt.de\/?author=2"},"uagb_comment_info":0,"uagb_excerpt":"Organisation der Einweihungsfeier des Mehrgenerationenparks&nbsp;in Ahlerstedt mit buntem Rahmenprogramm am 18.08.2019 \u2013 Trotz des m\u00e4\u00dfigen Wetters haben sich mehrere Hundert Besucher aus allen Ortschaften, teils mit dem Rad per Sternfahrt, auf den Weg gemacht, um den neuen Park in Augenschein zu nehmen. Viele Vereine haben sich pr\u00e4sentiert und tolle Aktionen angeboten. Auch wir von...Weiterlesen Weiterlesen","_links":{"self":[{"href":"https:\/\/gemeinde.ahlerstedt.de\/index.php?rest_route=\/wp\/v2\/posts\/2689","targetHints":{"allow":["GET"]}}],"collection":[{"href":"https:\/\/gemeinde.ahlerstedt.de\/index.php?rest_route=\/wp\/v2\/posts"}],"about":[{"href":"https:\/\/gemeinde.ahlerstedt.de\/index.php?rest_route=\/wp\/v2\/types\/post"}],"author":[{"embeddable":true,"href":"https:\/\/gemeinde.ahlerstedt.de\/index.php?rest_route=\/wp\/v2\/users\/2"}],"replies":[{"embeddable":true,"href":"https:\/\/gemeinde.ahlerstedt.de\/index.php?rest_route=%2Fwp%2Fv2%2Fcomments&post=2689"}],"version-history":[{"count":3,"href":"https:\/\/gemeinde.ahlerstedt.de\/index.php?rest_route=\/wp\/v2\/posts\/2689\/revisions"}],"predecessor-version":[{"id":2824,"href":"https:\/\/gemeinde.ahlerstedt.de\/index.php?rest_route=\/wp\/v2\/posts\/2689\/revisions\/2824"}],"wp:featuredmedia":[{"embeddable":true,"href":"https:\/\/gemeinde.ahlerstedt.de\/index.php?rest_route=\/wp\/v2\/media\/312"}],"wp:attachment":[{"href":"https:\/\/gemeinde.ahlerstedt.de\/index.php?rest_route=%2Fwp%2Fv2%2Fmedia&parent=2689"}],"wp:term":[{"taxonomy":"category","embeddable":true,"href":"https:\/\/gemeinde.ahlerstedt.de\/index.php?rest_route=%2Fwp%2Fv2%2Fcategories&post=2689"},{"taxonomy":"post_tag","embeddable":true,"href":"https:\/\/gemeinde.ahlerstedt.de\/index.php?rest_route=%2Fwp%2Fv2%2Ftags&post=2689"}],"curies":[{"name":"wp","href":"https:\/\/api.w.org\/{rel}","templated":true}]}}